{"id":80,"date":"2025-04-22T14:12:10","date_gmt":"2025-04-22T14:12:10","guid":{"rendered":"https:\/\/www.till-oliver-becker.de\/content\/?p=80"},"modified":"2025-04-22T14:12:12","modified_gmt":"2025-04-22T14:12:12","slug":"was-waere-wenn-es-1938-facebook-gegeben-haette","status":"publish","type":"post","link":"http:\/\/www.till-oliver-becker.de\/content\/was-waere-wenn-es-1938-facebook-gegeben-haette\/","title":{"rendered":"Was w\u00e4re, wenn es 1938 Facebook gegeben h\u00e4tte?"},"content":{"rendered":"\n<p><strong>Es ist ein d\u00fcsteres Gedankenexperiment \u2013 und doch ein aufschlussreiches: Was w\u00e4re gewesen, wenn es 1938 Facebook, TikTok, Telegram und YouTube gegeben h\u00e4tte? Wenn der \u201eAnschluss\u201c \u00d6sterreichs an das Deutsche Reich live als patriotisch unterlegte Story auf dem Reichs-Instagram-Kanal erschienen w\u00e4re, mit jubelnden Massen, dramatischer Musik und Kommentaren wie \u201eEndlich wieder vereint!\u201c versehen? Wenn Hashtags wie #HeimInsReich oder #EinVolkEinReich getrendet h\u00e4tten \u2013 verst\u00e4rkt durch Bots, Algorithmen und staatlich orchestrierte \u201eInfluencer\u201c, die sich f\u00fcr Klicks und Reichweite in den Dienst der Propaganda gestellt h\u00e4tten?<\/strong><\/p>\n\n\n\n<!--more-->\n\n\n\n<p>Und sp\u00e4ter? H\u00e4tte sich die Inszenierung der \u201eZerschlagung der Rest-Tschechei\u201c 1939 als notwendiger Schutz deutscher Minderheiten verkauft? H\u00e4tte ein inszenierter Vorfall wie Gleiwitz die sozialen Medien geflutet mit kurzen, aufw\u00fchlenden Clips, die den \u00dcberfall auf Polen als Akt der Selbstverteidigung erscheinen lie\u00dfen?<\/p>\n\n\n\n<p>All das ist nat\u00fcrlich spekulativ. Und dennoch dr\u00e4ngt sich der Vergleich auf, wenn man sich ansieht, wie perfide Desinformation im Jahr 2025 wieder salonf\u00e4hig ist&nbsp; \u2013 diesmal nicht von Berlin aus, sondern aus Moskau. Oder aus Sankt Petersburg, wo Russland umfangreiche &#8222;Trollfabriken&#8220; betreibt.<\/p>\n\n\n\n<h5 class=\"wp-block-heading\">Der digitale Angriff auf die Wahrheit<\/h5>\n\n\n\n<p>Die Propagandamaschine des Kreml funktioniert heute so effizient, wie es sich Joseph Goebbels nur ertr\u00e4umen hat k\u00f6nnen. Mit professionell produzierten Videos, angeblichen Dokumentationen, gef\u00e4lschten Zitaten westlicher Politiker und emotional aufgeladenen Schlagworten wie \u201eEntnazifizierung\u201c und \u201eSelbstverteidigung gegen die NATO\u201c wird ein Angriffskrieg gegen ein souver\u00e4nes Land als defensive Ma\u00dfnahme verkauft.<\/p>\n\n\n\n<p>Der Mythos vom angeblichen NATO-Versprechen, es werde keine Osterweiterung geben, taucht regelm\u00e4\u00dfig in Kommentarspalten, Telegram-Gruppen und Social-Media-Profilen auf \u2013 obwohl selbst russische Spitzenpolitiker in den 1990er Jahren wussten, dass ein solches Versprechen nie gegeben wurde. Doch Wiederholung ersetzt Recherche, und Emotion schl\u00e4gt Argument. So wirkt Propaganda.<\/p>\n\n\n\n<h5 class=\"wp-block-heading\">Wenn Algorithmen den Gleichschritt f\u00f6rdern<\/h5>\n\n\n\n<p>Was die Gleichschaltung der Medien im Nationalsozialismus mit Gewalt und Kontrolle erzwang, erledigen heute oft die Algorithmen sozialer Netzwerke fast von selbst. Wer beginnt, pro-russische Inhalte zu liken, erh\u00e4lt mehr davon. Wer das Narrativ vom \u201everratenen Russland\u201c oder \u201eUS-gesteuerten Marionetten in Kiew\u201c teilt, bekommt Best\u00e4tigung \u2013 nicht Widerspruch.<br>Filterblasen schlie\u00dfen sich wie ein Tunnel um die eigene Weltsicht. Der Schritt von Desinformation zur \u00dcberzeugung ist dann nicht mehr gro\u00df.<\/p>\n\n\n\n<h5 class=\"wp-block-heading\">Geschichte lehrt uns: Wegh\u00f6ren ist keine Option<\/h5>\n\n\n\n<p>Gerade deshalb ist es wichtig, die Mechanismen zu verstehen \u2013 und sie einzuordnen.<br>Es geht nicht darum, die Verbrechen des Nationalsozialismus zu relativieren. Im Gegenteil: Der historische Vergleich macht deutlich, wie gef\u00e4hrlich Propaganda ist \u2013 egal, in welchem Jahrhundert.<\/p>\n\n\n\n<p>Was damals in aller Konsequenz in den Abgrund f\u00fchrte, beginnt heute oft mit einem geteilten Video, einem falschen Zitat, einem \u201eneutralen\u201c Kommentar, der in Wahrheit Teil einer bewussten Manipulationskampagne ist. Wer heute glaubt, Russland habe sich gegen die Ukraine nur verteidigt, glaubt wom\u00f6glich morgen, dass Polen 1939 der Aggressor war.<\/p>\n\n\n\n<h5 class=\"wp-block-heading\">Zwischen Prinzip und Propaganda \u2013 der missbrauchte Pazifismus<\/h5>\n\n\n\n<p>Es ist eigentlich ein zutiefst ehrenwertes Prinzip, das aus zwei Weltkriegen geboren wurde: Nie wieder Krieg. Der Pazifismus geh\u00f6rt zu den wertvollsten Konsequenzen aus der Katastrophe des 20. Jahrhunderts. Doch was, wenn dieses Prinzip zur rhetorischen Waffe wird \u2013 nicht f\u00fcr den Frieden, sondern gegen Verantwortung und gegen die Wahrheit?<\/p>\n\n\n\n<p>Gerade in sozialen Netzwerken ist zu beobachten, wie pazifistische Parolen und Friedenssymbole heute h\u00e4ufig mit prorussischer Propaganda verschmelzen. Wer den russischen Angriffskrieg gegen die Ukraine kritisiert, wird als Kriegstreiber diffamiert. Wer sich f\u00fcr Waffenlieferungen ausspricht, als Feind des Friedens gebrandmarkt. Der Pazifismus wird so zum rhetorischen Deckmantel f\u00fcr eine Haltung, die in Wahrheit nicht Neutralit\u00e4t, sondern Gleichg\u00fcltigkeit gegen\u00fcber dem Aggressor bedeutet.<\/p>\n\n\n\n<h5 class=\"wp-block-heading\">Der Preis des Friedens ist die Bereitschaft zur Verteidigung<\/h5>\n\n\n\n<p>Dabei zeigt die Geschichte: Frieden entsteht nicht durch Wegsehen. Nicht durch Schweigen. Und nicht durch die Weigerung, zwischen T\u00e4ter und Opfer zu unterscheiden. Der \u00dcberfall auf Polen 1939 lie\u00df sich nicht durch Beschwichtigung verhindern. Der russische \u00dcberfall auf die Ukraine 2022 (im Grunde aber seit etwa 2008) auch nicht.<\/p>\n\n\n\n<p>Wahrer Pazifismus stellt sich gegen Gewalt \u2013 nicht gegen diejenigen, die sich dagegen verteidigen. Er verweigert sich der Logik des Krieges, aber auch der L\u00fcge des Gleichgewichts, wenn es keines gibt. Wer heute echte Friedensarbeit leisten will, muss bereit sein, die Realit\u00e4t klar zu benennen \u2013 und die Verantwortung dorthin zu legen, wo sie hingeh\u00f6rt.<\/p>\n\n\n\n<h5 class=\"wp-block-heading\">Verantwortung im digitalen Raum<\/h5>\n\n\n\n<p>Es liegt an uns allen \u2013 als Nutzer, als Journalisten, als Gesellschaft \u2013 die Lehren aus der Geschichte auch auf den digitalen Raum zu \u00fcbertragen. Widerspruch ist nicht nur erlaubt, sondern notwendig. Aufkl\u00e4rung nicht optional, sondern Pflicht. Und ein Like nie nur ein Klick, sondern eine Positionierung und manchmal eben auch ein Schritt in die falsche Richtung.<\/p>\n\n\n\n<p>Nie wieder ist jetzt.<\/p>\n","protected":false},"excerpt":{"rendered":"<p>Es ist ein d\u00fcsteres Gedankenexperiment \u2013 und doch ein aufschlussreiches: Was w\u00e4re gewesen, wenn es 1938 Facebook, TikTok, Telegram und YouTube gegeben h\u00e4tte? Wenn der \u201eAnschluss\u201c \u00d6sterreichs an das Deutsche Reich live als patriotisch unterlegte Story auf dem Reichs-Instagram-Kanal erschienen w\u00e4re, mit jubelnden Massen, dramatischer Musik und Kommentaren wie \u201eEndlich wieder vereint!\u201c versehen? Wenn Hashtags &hellip; <\/p>\n<p class=\"link-more\"><a href=\"http:\/\/www.till-oliver-becker.de\/content\/was-waere-wenn-es-1938-facebook-gegeben-haette\/\" class=\"more-link\">Mehr <span class=\"screen-reader-text\">\u00fcber &#8222;Was w\u00e4re, wenn es 1938 Facebook gegeben h\u00e4tte?&#8220; <\/span>Lesen<\/a><\/p>\n<div class=\"shariff shariff-align-left shariff-widget-align-left\"><ul class=\"shariff-buttons theme-grey orientation-horizontal buttonsize-medium\"><li class=\"shariff-button facebook shariff-nocustomcolor\" style=\"background-color:#4273c8\"><a href=\"https:\/\/www.facebook.com\/sharer\/sharer.php?u=http%3A%2F%2Fwww.till-oliver-becker.de%2Fcontent%2Fwas-waere-wenn-es-1938-facebook-gegeben-haette%2F\" title=\"Bei Facebook teilen\" aria-label=\"Bei Facebook teilen\" role=\"button\" rel=\"nofollow\" class=\"shariff-link\" style=\"; background-color:#3b5998; color:#fff\" target=\"_blank\"><span class=\"shariff-icon\" style=\"\"><svg width=\"32px\" height=\"20px\" xmlns=\"http:\/\/www.w3.org\/2000\/svg\" viewBox=\"0 0 18 32\"><path fill=\"#3b5998\" d=\"M17.1 0.2v4.7h-2.8q-1.5 0-2.1 0.6t-0.5 1.9v3.4h5.2l-0.7 5.3h-4.5v13.6h-5.5v-13.6h-4.5v-5.3h4.5v-3.9q0-3.3 1.9-5.2t5-1.8q2.6 0 4.1 0.2z\"\/><\/svg><\/span><span class=\"shariff-text\">teilen<\/span>&nbsp;<\/a><\/li><li class=\"shariff-button linkedin shariff-nocustomcolor\" style=\"background-color:#1488bf\"><a href=\"https:\/\/www.linkedin.com\/sharing\/share-offsite\/?url=http%3A%2F%2Fwww.till-oliver-becker.de%2Fcontent%2Fwas-waere-wenn-es-1938-facebook-gegeben-haette%2F\" title=\"Bei LinkedIn teilen\" aria-label=\"Bei LinkedIn teilen\" role=\"button\" rel=\"noopener nofollow\" class=\"shariff-link\" style=\"; background-color:#0077b5; color:#fff\" target=\"_blank\"><span class=\"shariff-icon\" style=\"\"><svg width=\"32px\" height=\"20px\" xmlns=\"http:\/\/www.w3.org\/2000\/svg\" viewBox=\"0 0 27 32\"><path fill=\"#0077b5\" d=\"M6.2 11.2v17.7h-5.9v-17.7h5.9zM6.6 5.7q0 1.3-0.9 2.2t-2.4 0.9h0q-1.5 0-2.4-0.9t-0.9-2.2 0.9-2.2 2.4-0.9 2.4 0.9 0.9 2.2zM27.4 18.7v10.1h-5.9v-9.5q0-1.9-0.7-2.9t-2.3-1.1q-1.1 0-1.9 0.6t-1.2 1.5q-0.2 0.5-0.2 1.4v9.9h-5.9q0-7.1 0-11.6t0-5.3l0-0.9h5.9v2.6h0q0.4-0.6 0.7-1t1-0.9 1.6-0.8 2-0.3q3 0 4.9 2t1.9 6z\"\/><\/svg><\/span><span class=\"shariff-text\">teilen<\/span>&nbsp;<\/a><\/li><li class=\"shariff-button paypalme shariff-nocustomcolor\" style=\"background-color:#0285d2\"><a href=\"https:\/\/www.paypal.me\/togotob\" title=\"Spenden mit PayPal\" aria-label=\"Spenden mit PayPal\" role=\"button\" rel=\"noopener nofollow\" class=\"shariff-link\" style=\"; background-color:#009cde; color:#fff\" target=\"_blank\"><span class=\"shariff-icon\" style=\"\"><svg width=\"32px\" height=\"20px\" xmlns=\"http:\/\/www.w3.org\/2000\/svg\" viewBox=\"0 0 32 32\"><path fill=\"#009cde\" d=\"M19.9 8q0-2.8-4.2-2.8h-1.2q-0.6 0-1.1 0.4t-0.6 0.9l-1.1 4.9q0 0.1 0 0.3 0 0.4 0.3 0.7t0.7 0.3h0.9q1.2 0 2.3-0.2t2-0.7 1.5-1.5 0.5-2.3zM30.6 10.7q0 4.7-3.9 7.6-3.9 2.9-10.9 2.9h-1.1q-0.6 0-1.1 0.4t-0.6 0.9l-1.3 5.6q-0.1 0.6-0.7 1.1t-1.2 0.5h-3.8q-0.6 0-0.9-0.4t-0.4-0.9q0-0.2 0.2-1.2h2.7q0.6 0 1.1-0.4t0.7-1l1.3-5.6q0.1-0.6 0.7-1t1.1-0.4h1.1q7 0 10.8-2.9t3.9-7.5q0-2.3-0.9-3.7 3.3 1.6 3.3 6zM27.4 7.4q0 4.7-3.9 7.6-3.9 2.9-10.9 2.9h-1.1q-0.6 0-1.1 0.4t-0.6 0.9l-1.3 5.6q-0.1 0.6-0.7 1.1t-1.2 0.5h-3.8q-0.6 0-0.9-0.3t-0.4-0.9q0-0.1 0-0.4l5.4-23.2q0.1-0.6 0.7-1.1t1.2-0.5h7.9q1.2 0 2.2 0.1t2.2 0.3 2 0.5 1.7 0.9 1.4 1.3 0.9 1.8 0.3 2.4z\"\/><\/svg><\/span><span class=\"shariff-text\">spenden<\/span>&nbsp;<\/a><\/li><\/ul><\/div>","protected":false},"author":2,"featured_media":81,"comment_status":"open","ping_status":"open","sticky":false,"template":"","format":"standard","meta":{"footnotes":""},"categories":[5,23],"tags":[32,34,33,36,39,25,28,37,38],"class_list":["post-80","post","type-post","status-publish","format-standard","has-post-thumbnail","hentry","category-freiheit","category-politik","tag-hitler","tag-moskau","tag-nazis","tag-polen","tag-propaganda","tag-putin","tag-russland","tag-tschechien","tag-ukraine"],"featured_media_urls":{"thumbnail":["http:\/\/www.till-oliver-becker.de\/content\/wp-content\/uploads\/2025\/04\/0fc9e08a-f6f7-4297-9dde-16b712c5f7f0-150x150.jpg",150,150,true],"medium":["http:\/\/www.till-oliver-becker.de\/content\/wp-content\/uploads\/2025\/04\/0fc9e08a-f6f7-4297-9dde-16b712c5f7f0-300x300.jpg",300,300,true],"medium_large":["http:\/\/www.till-oliver-becker.de\/content\/wp-content\/uploads\/2025\/04\/0fc9e08a-f6f7-4297-9dde-16b712c5f7f0.jpg",768,768,false],"large":["http:\/\/www.till-oliver-becker.de\/content\/wp-content\/uploads\/2025\/04\/0fc9e08a-f6f7-4297-9dde-16b712c5f7f0.jpg",950,950,false],"1536x1536":["http:\/\/www.till-oliver-becker.de\/content\/wp-content\/uploads\/2025\/04\/0fc9e08a-f6f7-4297-9dde-16b712c5f7f0.jpg",1024,1024,false],"2048x2048":["http:\/\/www.till-oliver-becker.de\/content\/wp-content\/uploads\/2025\/04\/0fc9e08a-f6f7-4297-9dde-16b712c5f7f0.jpg",1024,1024,false],"inspiro-featured-image":["http:\/\/www.till-oliver-becker.de\/content\/wp-content\/uploads\/2025\/04\/0fc9e08a-f6f7-4297-9dde-16b712c5f7f0.jpg",1024,1024,false],"inspiro-loop":["http:\/\/www.till-oliver-becker.de\/content\/wp-content\/uploads\/2025\/04\/0fc9e08a-f6f7-4297-9dde-16b712c5f7f0-950x320.jpg",950,320,true],"inspiro-loop@2x":["http:\/\/www.till-oliver-becker.de\/content\/wp-content\/uploads\/2025\/04\/0fc9e08a-f6f7-4297-9dde-16b712c5f7f0-1024x640.jpg",1024,640,true],"portfolio_item-thumbnail":["http:\/\/www.till-oliver-becker.de\/content\/wp-content\/uploads\/2025\/04\/0fc9e08a-f6f7-4297-9dde-16b712c5f7f0-600x400.jpg",600,400,true],"portfolio_item-thumbnail@2x":["http:\/\/www.till-oliver-becker.de\/content\/wp-content\/uploads\/2025\/04\/0fc9e08a-f6f7-4297-9dde-16b712c5f7f0-1024x800.jpg",1024,800,true],"portfolio_item-masonry":["http:\/\/www.till-oliver-becker.de\/content\/wp-content\/uploads\/2025\/04\/0fc9e08a-f6f7-4297-9dde-16b712c5f7f0-600x600.jpg",600,600,true],"portfolio_item-masonry@2x":["http:\/\/www.till-oliver-becker.de\/content\/wp-content\/uploads\/2025\/04\/0fc9e08a-f6f7-4297-9dde-16b712c5f7f0.jpg",1024,1024,false],"portfolio_item-thumbnail_cinema":["http:\/\/www.till-oliver-becker.de\/content\/wp-content\/uploads\/2025\/04\/0fc9e08a-f6f7-4297-9dde-16b712c5f7f0-800x335.jpg",800,335,true],"portfolio_item-thumbnail_portrait":["http:\/\/www.till-oliver-becker.de\/content\/wp-content\/uploads\/2025\/04\/0fc9e08a-f6f7-4297-9dde-16b712c5f7f0-600x900.jpg",600,900,true],"portfolio_item-thumbnail_portrait@2x":["http:\/\/www.till-oliver-becker.de\/content\/wp-content\/uploads\/2025\/04\/0fc9e08a-f6f7-4297-9dde-16b712c5f7f0.jpg",1024,1024,false],"portfolio_item-thumbnail_square":["http:\/\/www.till-oliver-becker.de\/content\/wp-content\/uploads\/2025\/04\/0fc9e08a-f6f7-4297-9dde-16b712c5f7f0-800x800.jpg",800,800,true]},"_links":{"self":[{"href":"http:\/\/www.till-oliver-becker.de\/content\/wp-json\/wp\/v2\/posts\/80","targetHints":{"allow":["GET"]}}],"collection":[{"href":"http:\/\/www.till-oliver-becker.de\/content\/wp-json\/wp\/v2\/posts"}],"about":[{"href":"http:\/\/www.till-oliver-becker.de\/content\/wp-json\/wp\/v2\/types\/post"}],"author":[{"embeddable":true,"href":"http:\/\/www.till-oliver-becker.de\/content\/wp-json\/wp\/v2\/users\/2"}],"replies":[{"embeddable":true,"href":"http:\/\/www.till-oliver-becker.de\/content\/wp-json\/wp\/v2\/comments?post=80"}],"version-history":[{"count":1,"href":"http:\/\/www.till-oliver-becker.de\/content\/wp-json\/wp\/v2\/posts\/80\/revisions"}],"predecessor-version":[{"id":82,"href":"http:\/\/www.till-oliver-becker.de\/content\/wp-json\/wp\/v2\/posts\/80\/revisions\/82"}],"wp:featuredmedia":[{"embeddable":true,"href":"http:\/\/www.till-oliver-becker.de\/content\/wp-json\/wp\/v2\/media\/81"}],"wp:attachment":[{"href":"http:\/\/www.till-oliver-becker.de\/content\/wp-json\/wp\/v2\/media?parent=80"}],"wp:term":[{"taxonomy":"category","embeddable":true,"href":"http:\/\/www.till-oliver-becker.de\/content\/wp-json\/wp\/v2\/categories?post=80"},{"taxonomy":"post_tag","embeddable":true,"href":"http:\/\/www.till-oliver-becker.de\/content\/wp-json\/wp\/v2\/tags?post=80"}],"curies":[{"name":"wp","href":"https:\/\/api.w.org\/{rel}","templated":true}]}}